{"id":571,"__str__":"Ante Projeto de Lei n\u00ba 1 de 2021","link_detail_backend":"/materia/571","metadata":{},"numero":1,"ano":2021,"numero_protocolo":null,"data_apresentacao":"2021-03-23","tipo_apresentacao":"E","data_publicacao":null,"numero_origem_externa":"","ano_origem_externa":null,"data_origem_externa":null,"apelido":"","dias_prazo":null,"data_fim_prazo":null,"em_tramitacao":false,"polemica":false,"objeto":"","complementar":false,"ementa":"Prop\u00f5e a redu\u00e7\u00e3o da carga hor\u00e1ria de trabalho do Servidor P\u00fablico Municipal Efetivo, que seja respons\u00e1vel por pessoa com defici\u00eancia ou enfermidade.","indexacao":"","observacao":"","resultado":"","texto_original":"http://sapl.cidreira.rs.leg.br/media/sapl/public/materialegislativa/2021/571/ante_projeto_lei_n001.2021.pdf","data_ultima_atualizacao":"2021-09-03T15:08:44.086081-03:00","ip":"45.167.105.191","ultima_edicao":"2021-09-03T15:01:15.422603-03:00","tipo":13,"regime_tramitacao":1,"tipo_origem_externa":null,"local_origem_externa":null,"user":3,"anexadas":[],"autores":[22]}